{"id":103,"date":"2014-06-18T12:34:20","date_gmt":"2014-06-18T12:34:20","guid":{"rendered":"http:\/\/keineopfer.de\/wordpress\/?p=103"},"modified":"2014-06-18T12:34:20","modified_gmt":"2014-06-18T12:34:20","slug":"ausstellung-es-lebe-die-freiheit-junge-menschen-gegen-den-nationalsozialismus","status":"publish","type":"post","link":"https:\/\/keineopfer.de\/wordpress\/?p=103","title":{"rendered":"Ausstellung: Es lebe die Freiheit! &#8211; Junge Menschen gegen den Nationalsozialismus"},"content":{"rendered":"<p>Wir d\u00fcrfen an dieser Stelle eine weitere Veranstaltung hinweisen.<br \/>\nVom <em>30.Juni bis 11.Juli<\/em> wird in der Bert-Brecht-Schule die Ausstellung &#8222;Es lebe die Freiheit! &#8211; Junge Menschen gegen den Nationalsozialismus zu sehen sein. <\/p>\n<p>&#8222;Viele junge Menschen verfielen den Ideen des NS-Regimes. Nur eine Minderheit zeigte den Mut an bestimmten Punkten &#8222;Nein&#8220; zu sagen und\/oder Widerstand zu leisten. Diesen jungen Menschen, die aus verschiedenen sozialen und politischen Milieus entstammen, die in unterschiedlichster Form den Vorgaben des Regimes nicht folgten oder in ganz verschiedenen Formen Widerstand leisteten, widmet sich diese Ausstellung.<\/p>\n<p>In einer leicht verst\u00e4ndlichen Sprache werden die Motive und die Aktionen der Jugendlichen auf 32 Tafeln dargestellt. Einzelne Biographien bringen den Betrachtern die Lebensl\u00e4ufe von jungen Kommunisten, Sozialdemokraten, Zeugen Jehovas, Juden oder urspr\u00fcnglich unpolitischen jungen Menschen n\u00e4her. Als Gruppen des Widerstands sind unter anderem die Edelwei\u00dfpiraten, die wei\u00dfe Rose und die Rote Kapelle vertreten.&#8220;<\/p>\n<p><a href=\"http:\/\/www.widerstand-1933-1945.de\/content\/article\/15\/76\/\">http:\/\/www.widerstand-1933-1945.de\/content\/article\/15\/76\/<\/a><\/p>\n<p><strong>Rahmenprogramm:<\/strong><\/p>\n<p>Er\u00f6ffnung am <em>30.Juni, 13 Uhr,<\/em><br \/>\nmit Thomas Altmeyer (Studienkreis Deutscher Widerstand 1933-1945, Frankfurt)<\/p>\n<p><em>3. Juli, 15:30 Uhr,<\/em><br \/>\nZeitzeugengespr\u00e4ch mit Emil Mangelsdorff<br \/>\n(Swing Jugend)<\/p>\n<p><em>8.Juli, 15:30 Uhr,<\/em><br \/>\nZeitzeugengespr\u00e4ch mit Trude Simonsohn und Elisabeth Abendroth<\/p>\n<p>Veranstalter: <a href=\"http:\/\/www.redworks.info\/BRECHTSCHULE\/ausstellung\/\">Bert-Brecht-Schule<\/a> und <a href=\"http:\/\/www.darmstaedter-geschichtswerkstatt.de\/ausstellung-es-lebe-die-freiheit-2\/\">Darmst\u00e4dter Geschichtswerkstatt eV<\/a> mit Unterst\u00fctzung des AStA der TU Darmstadt<\/p>\n<p><img decoding=\"async\" src=\"http:\/\/www.redworks.info\/BRECHTSCHULE\/wp-content\/uploads\/2014\/06\/ES_LEBE_DIE_FREIHEIT_web.jpg\" alt=\"Flyer\" \/>&#8220;<\/p>\n","protected":false},"excerpt":{"rendered":"<p>Wir d\u00fcrfen an dieser Stelle eine weitere Veranstaltung hinweisen. Vom 30.Juni bis 11.Juli wird in der Bert-Brecht-Schule die Ausstellung &#8222;Es lebe die Freiheit! &#8211; Junge Menschen gegen den Nationalsozialismus zu sehen sein. &#8222;Viele junge Menschen verfielen den Ideen des NS-Regimes. &hellip; <a href=\"https:\/\/keineopfer.de\/wordpress\/?p=103\">Weiterlesen <span class=\"meta-nav\">&rarr;<\/span><\/a><\/p>\n","protected":false},"author":5,"featured_media":0,"comment_status":"closed","ping_status":"open","sticky":false,"template":"","format":"standard","meta":{"footnotes":""},"categories":[1],"tags":[],"class_list":["post-103","post","type-post","status-publish","format-standard","hentry","category-uncategorized"],"_links":{"self":[{"href":"https:\/\/keineopfer.de\/wordpress\/index.php?rest_route=\/wp\/v2\/posts\/103","targetHints":{"allow":["GET"]}}],"collection":[{"href":"https:\/\/keineopfer.de\/wordpress\/index.php?rest_route=\/wp\/v2\/posts"}],"about":[{"href":"https:\/\/keineopfer.de\/wordpress\/index.php?rest_route=\/wp\/v2\/types\/post"}],"author":[{"embeddable":true,"href":"https:\/\/keineopfer.de\/wordpress\/index.php?rest_route=\/wp\/v2\/users\/5"}],"replies":[{"embeddable":true,"href":"https:\/\/keineopfer.de\/wordpress\/index.php?rest_route=%2Fwp%2Fv2%2Fcomments&post=103"}],"version-history":[{"count":2,"href":"https:\/\/keineopfer.de\/wordpress\/index.php?rest_route=\/wp\/v2\/posts\/103\/revisions"}],"predecessor-version":[{"id":105,"href":"https:\/\/keineopfer.de\/wordpress\/index.php?rest_route=\/wp\/v2\/posts\/103\/revisions\/105"}],"wp:attachment":[{"href":"https:\/\/keineopfer.de\/wordpress\/index.php?rest_route=%2Fwp%2Fv2%2Fmedia&parent=103"}],"wp:term":[{"taxonomy":"category","embeddable":true,"href":"https:\/\/keineopfer.de\/wordpress\/index.php?rest_route=%2Fwp%2Fv2%2Fcategories&post=103"},{"taxonomy":"post_tag","embeddable":true,"href":"https:\/\/keineopfer.de\/wordpress\/index.php?rest_route=%2Fwp%2Fv2%2Ftags&post=103"}],"curies":[{"name":"wp","href":"https:\/\/api.w.org\/{rel}","templated":true}]}}