{"id":131,"date":"2014-08-28T13:58:00","date_gmt":"2014-08-28T13:58:00","guid":{"rendered":"http:\/\/keineopfer.de\/wordpress\/?p=131"},"modified":"2014-08-28T13:58:00","modified_gmt":"2014-08-28T13:58:00","slug":"exkursion-zur-gedenkstaette-buchenwald","status":"publish","type":"post","link":"https:\/\/keineopfer.de\/wordpress\/?p=131","title":{"rendered":"Exkursion zur Gedenkst\u00e4tte Buchenwald"},"content":{"rendered":"<p><span class=\"userContent\">Am 26.Oktober findet eine Exkursion nach Buchenwald statt. Es gibt insgesamt knapp 50 Pl\u00e4tze. Eine fr\u00fche Anmeldung lohnt sich also.<\/p>\n<p>Neben einer F\u00fchrung durch die Gedenkst\u00e4tte wird es eine betreute Vor- und Nachbereitung geben.<\/p>\n<p>Anmeldung und Fragen an: buchenwald {\u00e4t} riseup.net<\/span><\/p>\n<p>&nbsp;<\/p>\n<p>www.buchenwald.de<\/p>\n","protected":false},"excerpt":{"rendered":"<p>Am 26.Oktober findet eine Exkursion nach Buchenwald statt. Es gibt insgesamt knapp 50 Pl\u00e4tze. Eine fr\u00fche Anmeldung lohnt sich also. Neben einer F\u00fchrung durch die Gedenkst\u00e4tte wird es eine betreute Vor- und Nachbereitung geben. Anmeldung und Fragen an: buchenwald {\u00e4t} &hellip; <a href=\"https:\/\/keineopfer.de\/wordpress\/?p=131\">Weiterlesen <span class=\"meta-nav\">&rarr;<\/span><\/a><\/p>\n","protected":false},"author":5,"featured_media":0,"comment_status":"closed","ping_status":"open","sticky":false,"template":"","format":"standard","meta":{"footnotes":""},"categories":[1],"tags":[],"class_list":["post-131","post","type-post","status-publish","format-standard","hentry","category-uncategorized"],"_links":{"self":[{"href":"https:\/\/keineopfer.de\/wordpress\/index.php?rest_route=\/wp\/v2\/posts\/131","targetHints":{"allow":["GET"]}}],"collection":[{"href":"https:\/\/keineopfer.de\/wordpress\/index.php?rest_route=\/wp\/v2\/posts"}],"about":[{"href":"https:\/\/keineopfer.de\/wordpress\/index.php?rest_route=\/wp\/v2\/types\/post"}],"author":[{"embeddable":true,"href":"https:\/\/keineopfer.de\/wordpress\/index.php?rest_route=\/wp\/v2\/users\/5"}],"replies":[{"embeddable":true,"href":"https:\/\/keineopfer.de\/wordpress\/index.php?rest_route=%2Fwp%2Fv2%2Fcomments&post=131"}],"version-history":[{"count":1,"href":"https:\/\/keineopfer.de\/wordpress\/index.php?rest_route=\/wp\/v2\/posts\/131\/revisions"}],"predecessor-version":[{"id":132,"href":"https:\/\/keineopfer.de\/wordpress\/index.php?rest_route=\/wp\/v2\/posts\/131\/revisions\/132"}],"wp:attachment":[{"href":"https:\/\/keineopfer.de\/wordpress\/index.php?rest_route=%2Fwp%2Fv2%2Fmedia&parent=131"}],"wp:term":[{"taxonomy":"category","embeddable":true,"href":"https:\/\/keineopfer.de\/wordpress\/index.php?rest_route=%2Fwp%2Fv2%2Fcategories&post=131"},{"taxonomy":"post_tag","embeddable":true,"href":"https:\/\/keineopfer.de\/wordpress\/index.php?rest_route=%2Fwp%2Fv2%2Ftags&post=131"}],"curies":[{"name":"wp","href":"https:\/\/api.w.org\/{rel}","templated":true}]}}