{"id":92,"date":"2014-06-09T15:22:47","date_gmt":"2014-06-09T15:22:47","guid":{"rendered":"http:\/\/keineopfer.de\/wordpress\/?p=92"},"modified":"2014-06-09T15:24:36","modified_gmt":"2014-06-09T15:24:36","slug":"fuehrung-juedisches-darmstadt-auf-den-spuren-der-liberalen-synagoge-und-eines-ns-verbrechens","status":"publish","type":"post","link":"https:\/\/keineopfer.de\/wordpress\/?p=92","title":{"rendered":"F\u00fchrung: J\u00fcdisches Darmstadt &#8211; Auf den Spuren der Liberalen Synagoge und eines NS-Verbrechens"},"content":{"rendered":"<p><span class=\"userContent\">Der F\u00f6rderverein Liberale Synagoge l\u00e4dt ein zur letzten Rundf\u00fchrung des 1.Halbjahres 2014 J\u00fcdisches Darmstadt &#8211; Auf den Spuren der Liberalen Synagoge und eines NS-Verbrechens am kommenden Sonntag,15.Juni 2014, um 14.30 Uhr, Treffpunkt: Gedenkst\u00e4tte Lib Syn, Zugang Bleichstr. od. Julius-Landsberger-Platz, Eintritt frei<\/span><\/p>\n<p><a href=\"https:\/\/keineopfer.de\/wordpress\/wp-content\/uploads\/2014\/06\/10300782_10201951982909214_7644271121672323535_n.jpg\"><img loading=\"lazy\" decoding=\"async\" class=\"alignnone size-medium wp-image-93\" src=\"https:\/\/keineopfer.de\/wordpress\/wp-content\/uploads\/2014\/06\/10300782_10201951982909214_7644271121672323535_n-300x168.jpg\" alt=\"10300782_10201951982909214_7644271121672323535_n\" width=\"300\" height=\"168\" srcset=\"https:\/\/keineopfer.de\/wordpress\/wp-content\/uploads\/2014\/06\/10300782_10201951982909214_7644271121672323535_n-300x168.jpg 300w, https:\/\/keineopfer.de\/wordpress\/wp-content\/uploads\/2014\/06\/10300782_10201951982909214_7644271121672323535_n.jpg 526w\" sizes=\"auto, (max-width: 300px) 100vw, 300px\" \/><\/a><\/p>\n<p><a href=\"http:\/\/www.liberalesynagoge-darmstadt.de\/\">www.liberalesynagoge-darmstadt.de<\/a><\/p>\n","protected":false},"excerpt":{"rendered":"<p>Der F\u00f6rderverein Liberale Synagoge l\u00e4dt ein zur letzten Rundf\u00fchrung des 1.Halbjahres 2014 J\u00fcdisches Darmstadt &#8211; Auf den Spuren der Liberalen Synagoge und eines NS-Verbrechens am kommenden Sonntag,15.Juni 2014, um 14.30 Uhr, Treffpunkt: Gedenkst\u00e4tte Lib Syn, Zugang Bleichstr. od. Julius-Landsberger-Platz, Eintritt &hellip; <a href=\"https:\/\/keineopfer.de\/wordpress\/?p=92\">Weiterlesen <span class=\"meta-nav\">&rarr;<\/span><\/a><\/p>\n","protected":false},"author":5,"featured_media":0,"comment_status":"closed","ping_status":"open","sticky":false,"template":"","format":"standard","meta":{"footnotes":""},"categories":[1],"tags":[],"class_list":["post-92","post","type-post","status-publish","format-standard","hentry","category-uncategorized"],"_links":{"self":[{"href":"https:\/\/keineopfer.de\/wordpress\/index.php?rest_route=\/wp\/v2\/posts\/92","targetHints":{"allow":["GET"]}}],"collection":[{"href":"https:\/\/keineopfer.de\/wordpress\/index.php?rest_route=\/wp\/v2\/posts"}],"about":[{"href":"https:\/\/keineopfer.de\/wordpress\/index.php?rest_route=\/wp\/v2\/types\/post"}],"author":[{"embeddable":true,"href":"https:\/\/keineopfer.de\/wordpress\/index.php?rest_route=\/wp\/v2\/users\/5"}],"replies":[{"embeddable":true,"href":"https:\/\/keineopfer.de\/wordpress\/index.php?rest_route=%2Fwp%2Fv2%2Fcomments&post=92"}],"version-history":[{"count":3,"href":"https:\/\/keineopfer.de\/wordpress\/index.php?rest_route=\/wp\/v2\/posts\/92\/revisions"}],"predecessor-version":[{"id":96,"href":"https:\/\/keineopfer.de\/wordpress\/index.php?rest_route=\/wp\/v2\/posts\/92\/revisions\/96"}],"wp:attachment":[{"href":"https:\/\/keineopfer.de\/wordpress\/index.php?rest_route=%2Fwp%2Fv2%2Fmedia&parent=92"}],"wp:term":[{"taxonomy":"category","embeddable":true,"href":"https:\/\/keineopfer.de\/wordpress\/index.php?rest_route=%2Fwp%2Fv2%2Fcategories&post=92"},{"taxonomy":"post_tag","embeddable":true,"href":"https:\/\/keineopfer.de\/wordpress\/index.php?rest_route=%2Fwp%2Fv2%2Ftags&post=92"}],"curies":[{"name":"wp","href":"https:\/\/api.w.org\/{rel}","templated":true}]}}